{"id":1213,"date":"2024-06-05T12:41:58","date_gmt":"2024-06-05T12:41:58","guid":{"rendered":"https:\/\/tekirdagarcelikservisi.com.tr\/?p=1213"},"modified":"2024-06-05T12:44:53","modified_gmt":"2024-06-05T12:44:53","slug":"arcelik-camasir-makinesi-e09-hatasi","status":"publish","type":"post","link":"https:\/\/tekirdagarcelikservisi.com.tr\/index.php\/2024\/06\/05\/arcelik-camasir-makinesi-e09-hatasi\/","title":{"rendered":"Ar\u00e7elik \u00c7ama\u015f\u0131r Makinesi E09 Hatas\u0131"},"content":{"rendered":"<p><img fetchpriority=\"high\" decoding=\"async\" class=\"size-full wp-image-19 aligncenter\" src=\"https:\/\/tekirdagarcelikservisi.com.tr\/wp-content\/uploads\/2024\/02\/tekirdag-arcelik-camasir-makinesi-servisi.jpg\" alt=\"tekirdag-arcelik-camasir-makinesi-servisi\" width=\"800\" height=\"500\" srcset=\"https:\/\/tekirdagarcelikservisi.com.tr\/wp-content\/uploads\/2024\/02\/tekirdag-arcelik-camasir-makinesi-servisi.jpg 800w, https:\/\/tekirdagarcelikservisi.com.tr\/wp-content\/uploads\/2024\/02\/tekirdag-arcelik-camasir-makinesi-servisi-300x188.jpg 300w, https:\/\/tekirdagarcelikservisi.com.tr\/wp-content\/uploads\/2024\/02\/tekirdag-arcelik-camasir-makinesi-servisi-768x480.jpg 768w\" sizes=\"(max-width: 800px) 100vw, 800px\" \/><\/p>\n<div class=\"flex-shrink-0 flex flex-col relative items-end\">\n<div>\n<div class=\"pt-0.5 juice:pt-0\">\n<div class=\"gizmo-bot-avatar flex h-6 w-6 items-center justify-center overflow-hidden rounded-full juice:h-8 juice:w-8\">\n<div class=\"relative p-1 rounded-sm flex items-center justify-center bg-token-main-surface-primary text-token-text-primary h-8 w-8\"><\/div>\n<\/div>\n<\/div>\n<\/div>\n<\/div>\n<div class=\"group\/conversation-turn relative flex w-full min-w-0 flex-col agent-turn\">\n<div class=\"flex-col gap-1 md:gap-3\">\n<div class=\"flex flex-grow flex-col max-w-full\">\n<div class=\"min-h-[20px] text-message flex flex-col items-start whitespace-pre-wrap break-words [.text-message+&amp;]:mt-5 juice:w-full juice:items-end overflow-x-auto gap-2\" dir=\"auto\" data-message-author-role=\"assistant\" data-message-id=\"d3d07089-6ecf-43d0-860a-8298b4b4f1fd\">\n<div class=\"flex w-full flex-col gap-1 juice:empty:hidden juice:first:pt-[3px]\">\n<div class=\"markdown prose w-full break-words dark:prose-invert light\">\n<h3>Ar\u00e7elik \u00c7ama\u015f\u0131r Makinesi E09 Hatas\u0131 Nedir ve Nas\u0131l \u00c7\u00f6z\u00fcl\u00fcr?<\/h3>\n<hr \/>\n<p><a href=\"https:\/\/tekirdagarcelikservisi.com.tr\/index.php\/arcelik-beyaz-esya-servisi\/arcelik-camasir-makinesi-servisi\/\">Ar\u00e7elik<\/a> \u00e7ama\u015f\u0131r makinesi kar\u015f\u0131la\u015f\u0131lan E09 hatas\u0131 kodu, motorla ilgili bir sorun oldu\u011funu i\u015faret eder. Bu hata, makinenin \u00e7al\u0131\u015fmas\u0131n\u0131 engelleyebilir ve y\u0131kama s\u00fcrecini kesintiye u\u011fratabilir. E09 hatas\u0131 ile kar\u015f\u0131la\u015ft\u0131\u011f\u0131n\u0131zda, a\u015fa\u011f\u0131daki ad\u0131mlar\u0131 izleyerek sorunu \u00e7\u00f6zmeyi deneyebilirsiniz.<\/p>\n<h4>E09 Hatas\u0131n\u0131n Nedenleri ve \u00c7\u00f6z\u00fcm Yollar\u0131<\/h4>\n<ol>\n<li><strong>Motor Tahrik Devresi Sorunlar\u0131<\/strong>\n<ul>\n<li><strong>Sorun:<\/strong> Motor tahrik devresinde bir ar\u0131za olabilir.<\/li>\n<li><strong>\u00c7\u00f6z\u00fcm:<\/strong> Motor tahrik devresini kontrol edin. Elektronik bile\u015fenlerde bir sorun olup olmad\u0131\u011f\u0131n\u0131 anlamak i\u00e7in bir teknisyen \u00e7a\u011f\u0131rman\u0131z gerekebilir.<\/li>\n<\/ul>\n<\/li>\n<li><strong>Motorun Kendisi Ar\u0131zal\u0131<\/strong>\n<ul>\n<li><strong>Sorun:<\/strong> Motor ar\u0131zalanm\u0131\u015f olabilir.<\/li>\n<li><strong>\u00c7\u00f6z\u00fcm:<\/strong> Motorun \u00e7al\u0131\u015f\u0131p \u00e7al\u0131\u015fmad\u0131\u011f\u0131n\u0131 kontrol edin. Motor ar\u0131zal\u0131ysa, motorun de\u011fi\u015ftirilmesi gerekecektir. Bu i\u015flem i\u00e7in profesyonel bir teknisyene ba\u015fvurmal\u0131s\u0131n\u0131z.<\/li>\n<\/ul>\n<\/li>\n<li><strong>Motor Kontrol Kart\u0131 Sorunlar\u0131<\/strong>\n<ul>\n<li><strong>Sorun:<\/strong> Motor kontrol kart\u0131 ar\u0131zalanm\u0131\u015f olabilir.<\/li>\n<li><strong>\u00c7\u00f6z\u00fcm:<\/strong> Motor kontrol kart\u0131n\u0131n d\u00fczg\u00fcn \u00e7al\u0131\u015f\u0131p \u00e7al\u0131\u015fmad\u0131\u011f\u0131n\u0131 kontrol edin. Bu kartta bir ar\u0131za varsa, kart\u0131n de\u011fi\u015ftirilmesi gerekebilir. Profesyonel destek alman\u0131z \u00f6nemlidir.<\/li>\n<\/ul>\n<\/li>\n<li><strong>Elektriksel Ba\u011flant\u0131 Sorunlar\u0131<\/strong>\n<ul>\n<li><strong>Sorun:<\/strong> Elektriksel ba\u011flant\u0131larda bir sorun olabilir.<\/li>\n<li><strong>\u00c7\u00f6z\u00fcm:<\/strong> Kablolar\u0131 ve ba\u011flant\u0131lar\u0131 kontrol edin. Gev\u015fek <a href=\"http:\/\/google.com.tr\">veya<\/a> hasarl\u0131 kablolar\u0131 d\u00fczeltin. Elektriksel ba\u011flant\u0131lar\u0131 kontrol etmek ve onarmak i\u00e7in profesyonel yard\u0131m alman\u0131z tavsiye edilir.<\/li>\n<\/ul>\n<\/li>\n<li><strong>Yanl\u0131\u015f Program veya Ayarlar<\/strong>\n<ul>\n<li><strong>Sorun:<\/strong> Yanl\u0131\u015f bir program se\u00e7ilmi\u015f veya makine ayarlar\u0131 yanl\u0131\u015f olabilir.<\/li>\n<li><strong>\u00c7\u00f6z\u00fcm:<\/strong> Program ayarlar\u0131n\u0131 kontrol edin ve do\u011fru program\u0131 se\u00e7ti\u011finizden emin olun. Kullan\u0131m k\u0131lavuzundaki talimatlara uygun hareket edin.<\/li>\n<\/ul>\n<\/li>\n<\/ol>\n<h4>E09 Hatas\u0131n\u0131n \u00d6nlenmesi<\/h4>\n<ul>\n<li><strong>Periyodik Bak\u0131m:<\/strong> Makinenizin d\u00fczenli bak\u0131m\u0131n\u0131 yaparak motor ve motor kontrol kart\u0131n\u0131n temiz ve d\u00fczg\u00fcn \u00e7al\u0131\u015fmas\u0131n\u0131 sa\u011flay\u0131n.<\/li>\n<li><strong>Do\u011fru Kullan\u0131m:<\/strong> Kullan\u0131m k\u0131lavuzunda belirtilen talimatlara uygun \u015fekilde makinenizi kullan\u0131n ve a\u015f\u0131r\u0131 y\u00fckleme yapmaktan ka\u00e7\u0131n\u0131n.<\/li>\n<li><strong>Kaliteli Malzemeler:<\/strong> Makinenizin i\u00e7 bile\u015fenlerinin uzun \u00f6m\u00fcrl\u00fc olmas\u0131n\u0131 sa\u011flamak i\u00e7in kaliteli deterjan ve yumu\u015fat\u0131c\u0131lar kullan\u0131n.<\/li>\n<\/ul>\n<h4>Sonu\u00e7<\/h4>\n<p>Ar\u00e7elik \u00e7ama\u015f\u0131r makinenizde E09 hatas\u0131 ile kar\u015f\u0131la\u015ft\u0131\u011f\u0131n\u0131zda, yukar\u0131daki ad\u0131mlar\u0131 izleyerek sorunu b\u00fcy\u00fck \u00f6l\u00e7\u00fcde \u00e7\u00f6zebilirsiniz. Ancak, sorun devam ederse Tekirda\u011f Ar\u00e7elik servisine ba\u015fvurman\u0131z en do\u011frusu olacakt\u0131r. Profesyonel teknisyenler, sorunu daha detayl\u0131 inceleyerek gerekli onar\u0131mlar\u0131 yapacakt\u0131r.<\/p>\n<p><a href=\"tel:02822632296\"><img decoding=\"async\" class=\"size-full wp-image-16 aligncenter\" src=\"https:\/\/tekirdagarcelikservisi.com.tr\/wp-content\/uploads\/2024\/02\/anigifarce1ik.jpg\" alt=\"\" width=\"510\" height=\"226\" srcset=\"https:\/\/tekirdagarcelikservisi.com.tr\/wp-content\/uploads\/2024\/02\/anigifarce1ik.jpg 510w, https:\/\/tekirdagarcelikservisi.com.tr\/wp-content\/uploads\/2024\/02\/anigifarce1ik-300x133.jpg 300w\" sizes=\"(max-width: 510px) 100vw, 510px\" \/><\/a><\/p>\n<\/div>\n<\/div>\n<\/div>\n<\/div>\n<\/div>\n<\/div>\n","protected":false},"excerpt":{"rendered":"<p>Ar\u00e7elik \u00c7ama\u015f\u0131r Makinesi E09 Hatas\u0131 Nedir ve Nas\u0131l \u00c7\u00f6z\u00fcl\u00fcr? Ar\u00e7elik \u00e7ama\u015f\u0131r makinesi kar\u015f\u0131la\u015f\u0131lan E09 hatas\u0131 kodu, motorla ilgili bir sorun oldu\u011funu i\u015faret eder. Bu hata, [&hellip;]<\/p>\n","protected":false},"author":1,"featured_media":0,"comment_status":"open","ping_status":"open","sticky":false,"template":"","format":"standard","meta":{"footnotes":""},"categories":[38],"tags":[811,828,812,827,820,822,816,829,814,824,821,813,818,823,815,819,817,825,826],"class_list":["post-1213","post","type-post","status-publish","format-standard","hentry","category-arcelik-camasir-makinesi","tag-arcelik-camasir-makinesi-e09-hatasi","tag-arcelik-e09-cozum-yollari","tag-arcelik-e09-hata-kodu","tag-arcelik-makine-bakim-ve-onarim","tag-arcelik-makine-teknik-destek","tag-arcelik-motor-degisimi","tag-arcelik-motor-kontrol-karti-arizasi","tag-arcelik-motor-problemi","tag-arcelik-motor-tahrik-devresi-sorunu","tag-arcelik-yetkili-servis-e09","tag-camasir-makinesi-elektriksel-baglanti-sorunu","tag-camasir-makinesi-motor-arizasi","tag-camasir-makinesi-motor-kontrolu","tag-camasir-makinesi-program-hatasi","tag-e09-hata-cozumu","tag-e09-hata-kodu-ne-anlama-gelir","tag-e09-hata-kodu-tamiri","tag-e09-hatasi-nedenleri","tag-motor-tahrik-devresi-arizasi"],"yoast_head":"<!-- This site is optimized with the Yoast SEO plugin v27.4 - https:\/\/yoast.com\/product\/yoast-seo-wordpress\/ -->\n<title>Ar\u00e7elik \u00c7ama\u015f\u0131r Makinesi E09 Hatas\u0131 - Tekirda\u011f Ar\u00e7elik Servisi 0282 263 22 96<\/title>\n<meta name=\"description\" content=\"Ar\u00e7elik \u00c7ama\u015f\u0131r Makinesi E09 Hatas\u0131 Nedenleri ve \u00c7\u00f6z\u00fcm Yollar\u0131 Tekirda\u011f Ar\u00e7elik \u00c7ma\u015f\u0131r Makinesi Servisi 0282 263 22 96\" \/>\n<meta name=\"robots\" content=\"index, follow, max-snippet:-1, max-image-preview:large, max-video-preview:-1\" \/>\n<link rel=\"canonical\" href=\"https:\/\/tekirdagarcelikservisi.com.tr\/index.php\/2024\/06\/05\/arcelik-camasir-makinesi-e09-hatasi\/\" \/>\n<meta property=\"og:locale\" content=\"tr_TR\" \/>\n<meta property=\"og:type\" content=\"article\" \/>\n<meta property=\"og:title\" content=\"Ar\u00e7elik \u00c7ama\u015f\u0131r Makinesi E09 Hatas\u0131 - Tekirda\u011f Ar\u00e7elik Servisi 0282 263 22 96\" \/>\n<meta property=\"og:description\" content=\"Ar\u00e7elik \u00c7ama\u015f\u0131r Makinesi E09 Hatas\u0131 Nedenleri ve \u00c7\u00f6z\u00fcm Yollar\u0131 Tekirda\u011f Ar\u00e7elik \u00c7ma\u015f\u0131r Makinesi Servisi 0282 263 22 96\" \/>\n<meta property=\"og:url\" content=\"https:\/\/tekirdagarcelikservisi.com.tr\/index.php\/2024\/06\/05\/arcelik-camasir-makinesi-e09-hatasi\/\" \/>\n<meta property=\"og:site_name\" content=\"Tekirda\u011f Ar\u00e7elik Servisi 0282 263 22 96\" \/>\n<meta property=\"article:published_time\" content=\"2024-06-05T12:41:58+00:00\" \/>\n<meta property=\"article:modified_time\" content=\"2024-06-05T12:44:53+00:00\" \/>\n<meta property=\"og:image\" content=\"https:\/\/tekirdagarcelikservisi.com.tr\/wp-content\/uploads\/2024\/02\/tekirdag-arcelik-camasir-makinesi-servisi.jpg\" \/>\n<meta name=\"author\" content=\"tekirdagarcelik\" \/>\n<meta name=\"twitter:card\" content=\"summary_large_image\" \/>\n<meta name=\"twitter:label1\" content=\"Yazan:\" \/>\n\t<meta name=\"twitter:data1\" content=\"tekirdagarcelik\" \/>\n\t<meta name=\"twitter:label2\" content=\"Tahmini okuma s\u00fcresi\" \/>\n\t<meta name=\"twitter:data2\" content=\"3 dakika\" \/>\n<script type=\"application\/ld+json\" class=\"yoast-schema-graph\">{\"@context\":\"https:\\\/\\\/schema.org\",\"@graph\":[{\"@type\":\"Article\",\"@id\":\"https:\\\/\\\/tekirdagarcelikservisi.com.tr\\\/index.php\\\/2024\\\/06\\\/05\\\/arcelik-camasir-makinesi-e09-hatasi\\\/#article\",\"isPartOf\":{\"@id\":\"https:\\\/\\\/tekirdagarcelikservisi.com.tr\\\/index.php\\\/2024\\\/06\\\/05\\\/arcelik-camasir-makinesi-e09-hatasi\\\/\"},\"author\":{\"name\":\"tekirdagarcelik\",\"@id\":\"https:\\\/\\\/tekirdagarcelikservisi.com.tr\\\/#\\\/schema\\\/person\\\/34e29853de14bea4947b9fe740161fc0\"},\"headline\":\"Ar\u00e7elik \u00c7ama\u015f\u0131r Makinesi E09 Hatas\u0131\",\"datePublished\":\"2024-06-05T12:41:58+00:00\",\"dateModified\":\"2024-06-05T12:44:53+00:00\",\"mainEntityOfPage\":{\"@id\":\"https:\\\/\\\/tekirdagarcelikservisi.com.tr\\\/index.php\\\/2024\\\/06\\\/05\\\/arcelik-camasir-makinesi-e09-hatasi\\\/\"},\"wordCount\":422,\"commentCount\":0,\"publisher\":{\"@id\":\"https:\\\/\\\/tekirdagarcelikservisi.com.tr\\\/#organization\"},\"image\":{\"@id\":\"https:\\\/\\\/tekirdagarcelikservisi.com.tr\\\/index.php\\\/2024\\\/06\\\/05\\\/arcelik-camasir-makinesi-e09-hatasi\\\/#primaryimage\"},\"thumbnailUrl\":\"https:\\\/\\\/tekirdagarcelikservisi.com.tr\\\/wp-content\\\/uploads\\\/2024\\\/02\\\/tekirdag-arcelik-camasir-makinesi-servisi.jpg\",\"keywords\":[\"Ar\u00e7elik \u00e7ama\u015f\u0131r makinesi E09 hatas\u0131\",\"Ar\u00e7elik E09 \u00e7\u00f6z\u00fcm yollar\u0131\",\"Ar\u00e7elik E09 hata kodu\",\"Ar\u00e7elik makine bak\u0131m ve onar\u0131m\",\"Ar\u00e7elik makine teknik destek\",\"Ar\u00e7elik motor de\u011fi\u015fimi\",\"Ar\u00e7elik motor kontrol kart\u0131 ar\u0131zas\u0131\",\"Ar\u00e7elik motor problemi.\",\"Ar\u00e7elik motor tahrik devresi sorunu\",\"Ar\u00e7elik yetkili servis E09\",\"\u00e7ama\u015f\u0131r makinesi elektriksel ba\u011flant\u0131 sorunu\",\"\u00e7ama\u015f\u0131r makinesi motor ar\u0131zas\u0131\",\"\u00e7ama\u015f\u0131r makinesi motor kontrol\u00fc\",\"\u00e7ama\u015f\u0131r makinesi program hatas\u0131\",\"E09 hata \u00e7\u00f6z\u00fcm\u00fc\",\"E09 hata kodu ne anlama gelir\",\"E09 hata kodu tamiri\",\"E09 hatas\u0131 nedenleri\",\"motor tahrik devresi ar\u0131zas\u0131\"],\"articleSection\":[\"Ar\u00e7elik \u00c7ama\u015f\u0131r Makinesi\"],\"inLanguage\":\"tr\",\"potentialAction\":[{\"@type\":\"CommentAction\",\"name\":\"Comment\",\"target\":[\"https:\\\/\\\/tekirdagarcelikservisi.com.tr\\\/index.php\\\/2024\\\/06\\\/05\\\/arcelik-camasir-makinesi-e09-hatasi\\\/#respond\"]}]},{\"@type\":\"WebPage\",\"@id\":\"https:\\\/\\\/tekirdagarcelikservisi.com.tr\\\/index.php\\\/2024\\\/06\\\/05\\\/arcelik-camasir-makinesi-e09-hatasi\\\/\",\"url\":\"https:\\\/\\\/tekirdagarcelikservisi.com.tr\\\/index.php\\\/2024\\\/06\\\/05\\\/arcelik-camasir-makinesi-e09-hatasi\\\/\",\"name\":\"Ar\u00e7elik \u00c7ama\u015f\u0131r Makinesi E09 Hatas\u0131 - Tekirda\u011f Ar\u00e7elik Servisi 0282 263 22 96\",\"isPartOf\":{\"@id\":\"https:\\\/\\\/tekirdagarcelikservisi.com.tr\\\/#website\"},\"primaryImageOfPage\":{\"@id\":\"https:\\\/\\\/tekirdagarcelikservisi.com.tr\\\/index.php\\\/2024\\\/06\\\/05\\\/arcelik-camasir-makinesi-e09-hatasi\\\/#primaryimage\"},\"image\":{\"@id\":\"https:\\\/\\\/tekirdagarcelikservisi.com.tr\\\/index.php\\\/2024\\\/06\\\/05\\\/arcelik-camasir-makinesi-e09-hatasi\\\/#primaryimage\"},\"thumbnailUrl\":\"https:\\\/\\\/tekirdagarcelikservisi.com.tr\\\/wp-content\\\/uploads\\\/2024\\\/02\\\/tekirdag-arcelik-camasir-makinesi-servisi.jpg\",\"datePublished\":\"2024-06-05T12:41:58+00:00\",\"dateModified\":\"2024-06-05T12:44:53+00:00\",\"description\":\"Ar\u00e7elik \u00c7ama\u015f\u0131r Makinesi E09 Hatas\u0131 Nedenleri ve \u00c7\u00f6z\u00fcm Yollar\u0131 Tekirda\u011f Ar\u00e7elik \u00c7ma\u015f\u0131r Makinesi Servisi 0282 263 22 96\",\"breadcrumb\":{\"@id\":\"https:\\\/\\\/tekirdagarcelikservisi.com.tr\\\/index.php\\\/2024\\\/06\\\/05\\\/arcelik-camasir-makinesi-e09-hatasi\\\/#breadcrumb\"},\"inLanguage\":\"tr\",\"potentialAction\":[{\"@type\":\"ReadAction\",\"target\":[\"https:\\\/\\\/tekirdagarcelikservisi.com.tr\\\/index.php\\\/2024\\\/06\\\/05\\\/arcelik-camasir-makinesi-e09-hatasi\\\/\"]}]},{\"@type\":\"ImageObject\",\"inLanguage\":\"tr\",\"@id\":\"https:\\\/\\\/tekirdagarcelikservisi.com.tr\\\/index.php\\\/2024\\\/06\\\/05\\\/arcelik-camasir-makinesi-e09-hatasi\\\/#primaryimage\",\"url\":\"https:\\\/\\\/tekirdagarcelikservisi.com.tr\\\/wp-content\\\/uploads\\\/2024\\\/02\\\/tekirdag-arcelik-camasir-makinesi-servisi.jpg\",\"contentUrl\":\"https:\\\/\\\/tekirdagarcelikservisi.com.tr\\\/wp-content\\\/uploads\\\/2024\\\/02\\\/tekirdag-arcelik-camasir-makinesi-servisi.jpg\",\"width\":800,\"height\":500,\"caption\":\"tekirdag-arcelik-camasir-makinesi-servisi\"},{\"@type\":\"BreadcrumbList\",\"@id\":\"https:\\\/\\\/tekirdagarcelikservisi.com.tr\\\/index.php\\\/2024\\\/06\\\/05\\\/arcelik-camasir-makinesi-e09-hatasi\\\/#breadcrumb\",\"itemListElement\":[{\"@type\":\"ListItem\",\"position\":1,\"name\":\"Anasayfa\",\"item\":\"https:\\\/\\\/tekirdagarcelikservisi.com.tr\\\/\"},{\"@type\":\"ListItem\",\"position\":2,\"name\":\"Ar\u00e7elik \u00c7ama\u015f\u0131r Makinesi E09 Hatas\u0131\"}]},{\"@type\":\"WebSite\",\"@id\":\"https:\\\/\\\/tekirdagarcelikservisi.com.tr\\\/#website\",\"url\":\"https:\\\/\\\/tekirdagarcelikservisi.com.tr\\\/\",\"name\":\"Tekirda\u011f Ar\u00e7elik Servisi 0282 263 22 96\",\"description\":\"Ar\u00e7elik Beyaz E\u015fya Klima Kombi Servisi\",\"publisher\":{\"@id\":\"https:\\\/\\\/tekirdagarcelikservisi.com.tr\\\/#organization\"},\"potentialAction\":[{\"@type\":\"SearchAction\",\"target\":{\"@type\":\"EntryPoint\",\"urlTemplate\":\"https:\\\/\\\/tekirdagarcelikservisi.com.tr\\\/?s={search_term_string}\"},\"query-input\":{\"@type\":\"PropertyValueSpecification\",\"valueRequired\":true,\"valueName\":\"search_term_string\"}}],\"inLanguage\":\"tr\"},{\"@type\":\"Organization\",\"@id\":\"https:\\\/\\\/tekirdagarcelikservisi.com.tr\\\/#organization\",\"name\":\"Tekirda\u011f Ar\u00e7elik Servisi 0282 263 22 96\",\"url\":\"https:\\\/\\\/tekirdagarcelikservisi.com.tr\\\/\",\"logo\":{\"@type\":\"ImageObject\",\"inLanguage\":\"tr\",\"@id\":\"https:\\\/\\\/tekirdagarcelikservisi.com.tr\\\/#\\\/schema\\\/logo\\\/image\\\/\",\"url\":\"https:\\\/\\\/tekirdagarcelikservisi.com.tr\\\/wp-content\\\/uploads\\\/2024\\\/03\\\/arcelik_logo.png\",\"contentUrl\":\"https:\\\/\\\/tekirdagarcelikservisi.com.tr\\\/wp-content\\\/uploads\\\/2024\\\/03\\\/arcelik_logo.png\",\"width\":330,\"height\":330,\"caption\":\"Tekirda\u011f Ar\u00e7elik Servisi 0282 263 22 96\"},\"image\":{\"@id\":\"https:\\\/\\\/tekirdagarcelikservisi.com.tr\\\/#\\\/schema\\\/logo\\\/image\\\/\"}},{\"@type\":\"Person\",\"@id\":\"https:\\\/\\\/tekirdagarcelikservisi.com.tr\\\/#\\\/schema\\\/person\\\/34e29853de14bea4947b9fe740161fc0\",\"name\":\"tekirdagarcelik\",\"image\":{\"@type\":\"ImageObject\",\"inLanguage\":\"tr\",\"@id\":\"https:\\\/\\\/secure.gravatar.com\\\/avatar\\\/db70c2b6f6e9a750c63863236e8b79698035aa5b561aef5deda998a2b8dbe5b4?s=96&d=mm&r=g\",\"url\":\"https:\\\/\\\/secure.gravatar.com\\\/avatar\\\/db70c2b6f6e9a750c63863236e8b79698035aa5b561aef5deda998a2b8dbe5b4?s=96&d=mm&r=g\",\"contentUrl\":\"https:\\\/\\\/secure.gravatar.com\\\/avatar\\\/db70c2b6f6e9a750c63863236e8b79698035aa5b561aef5deda998a2b8dbe5b4?s=96&d=mm&r=g\",\"caption\":\"tekirdagarcelik\"},\"sameAs\":[\"https:\\\/\\\/tekirdagarcelikservisi.com.tr\"],\"url\":\"https:\\\/\\\/tekirdagarcelikservisi.com.tr\\\/index.php\\\/author\\\/tekirdagarcelik\\\/\"}]}<\/script>\n<!-- \/ Yoast SEO plugin. -->","yoast_head_json":{"title":"Ar\u00e7elik \u00c7ama\u015f\u0131r Makinesi E09 Hatas\u0131 - Tekirda\u011f Ar\u00e7elik Servisi 0282 263 22 96","description":"Ar\u00e7elik \u00c7ama\u015f\u0131r Makinesi E09 Hatas\u0131 Nedenleri ve \u00c7\u00f6z\u00fcm Yollar\u0131 Tekirda\u011f Ar\u00e7elik \u00c7ma\u015f\u0131r Makinesi Servisi 0282 263 22 96","robots":{"index":"index","follow":"follow","max-snippet":"max-snippet:-1","max-image-preview":"max-image-preview:large","max-video-preview":"max-video-preview:-1"},"canonical":"https:\/\/tekirdagarcelikservisi.com.tr\/index.php\/2024\/06\/05\/arcelik-camasir-makinesi-e09-hatasi\/","og_locale":"tr_TR","og_type":"article","og_title":"Ar\u00e7elik \u00c7ama\u015f\u0131r Makinesi E09 Hatas\u0131 - Tekirda\u011f Ar\u00e7elik Servisi 0282 263 22 96","og_description":"Ar\u00e7elik \u00c7ama\u015f\u0131r Makinesi E09 Hatas\u0131 Nedenleri ve \u00c7\u00f6z\u00fcm Yollar\u0131 Tekirda\u011f Ar\u00e7elik \u00c7ma\u015f\u0131r Makinesi Servisi 0282 263 22 96","og_url":"https:\/\/tekirdagarcelikservisi.com.tr\/index.php\/2024\/06\/05\/arcelik-camasir-makinesi-e09-hatasi\/","og_site_name":"Tekirda\u011f Ar\u00e7elik Servisi 0282 263 22 96","article_published_time":"2024-06-05T12:41:58+00:00","article_modified_time":"2024-06-05T12:44:53+00:00","og_image":[{"url":"https:\/\/tekirdagarcelikservisi.com.tr\/wp-content\/uploads\/2024\/02\/tekirdag-arcelik-camasir-makinesi-servisi.jpg","type":"","width":"","height":""}],"author":"tekirdagarcelik","twitter_card":"summary_large_image","twitter_misc":{"Yazan:":"tekirdagarcelik","Tahmini okuma s\u00fcresi":"3 dakika"},"schema":{"@context":"https:\/\/schema.org","@graph":[{"@type":"Article","@id":"https:\/\/tekirdagarcelikservisi.com.tr\/index.php\/2024\/06\/05\/arcelik-camasir-makinesi-e09-hatasi\/#article","isPartOf":{"@id":"https:\/\/tekirdagarcelikservisi.com.tr\/index.php\/2024\/06\/05\/arcelik-camasir-makinesi-e09-hatasi\/"},"author":{"name":"tekirdagarcelik","@id":"https:\/\/tekirdagarcelikservisi.com.tr\/#\/schema\/person\/34e29853de14bea4947b9fe740161fc0"},"headline":"Ar\u00e7elik \u00c7ama\u015f\u0131r Makinesi E09 Hatas\u0131","datePublished":"2024-06-05T12:41:58+00:00","dateModified":"2024-06-05T12:44:53+00:00","mainEntityOfPage":{"@id":"https:\/\/tekirdagarcelikservisi.com.tr\/index.php\/2024\/06\/05\/arcelik-camasir-makinesi-e09-hatasi\/"},"wordCount":422,"commentCount":0,"publisher":{"@id":"https:\/\/tekirdagarcelikservisi.com.tr\/#organization"},"image":{"@id":"https:\/\/tekirdagarcelikservisi.com.tr\/index.php\/2024\/06\/05\/arcelik-camasir-makinesi-e09-hatasi\/#primaryimage"},"thumbnailUrl":"https:\/\/tekirdagarcelikservisi.com.tr\/wp-content\/uploads\/2024\/02\/tekirdag-arcelik-camasir-makinesi-servisi.jpg","keywords":["Ar\u00e7elik \u00e7ama\u015f\u0131r makinesi E09 hatas\u0131","Ar\u00e7elik E09 \u00e7\u00f6z\u00fcm yollar\u0131","Ar\u00e7elik E09 hata kodu","Ar\u00e7elik makine bak\u0131m ve onar\u0131m","Ar\u00e7elik makine teknik destek","Ar\u00e7elik motor de\u011fi\u015fimi","Ar\u00e7elik motor kontrol kart\u0131 ar\u0131zas\u0131","Ar\u00e7elik motor problemi.","Ar\u00e7elik motor tahrik devresi sorunu","Ar\u00e7elik yetkili servis E09","\u00e7ama\u015f\u0131r makinesi elektriksel ba\u011flant\u0131 sorunu","\u00e7ama\u015f\u0131r makinesi motor ar\u0131zas\u0131","\u00e7ama\u015f\u0131r makinesi motor kontrol\u00fc","\u00e7ama\u015f\u0131r makinesi program hatas\u0131","E09 hata \u00e7\u00f6z\u00fcm\u00fc","E09 hata kodu ne anlama gelir","E09 hata kodu tamiri","E09 hatas\u0131 nedenleri","motor tahrik devresi ar\u0131zas\u0131"],"articleSection":["Ar\u00e7elik \u00c7ama\u015f\u0131r Makinesi"],"inLanguage":"tr","potentialAction":[{"@type":"CommentAction","name":"Comment","target":["https:\/\/tekirdagarcelikservisi.com.tr\/index.php\/2024\/06\/05\/arcelik-camasir-makinesi-e09-hatasi\/#respond"]}]},{"@type":"WebPage","@id":"https:\/\/tekirdagarcelikservisi.com.tr\/index.php\/2024\/06\/05\/arcelik-camasir-makinesi-e09-hatasi\/","url":"https:\/\/tekirdagarcelikservisi.com.tr\/index.php\/2024\/06\/05\/arcelik-camasir-makinesi-e09-hatasi\/","name":"Ar\u00e7elik \u00c7ama\u015f\u0131r Makinesi E09 Hatas\u0131 - Tekirda\u011f Ar\u00e7elik Servisi 0282 263 22 96","isPartOf":{"@id":"https:\/\/tekirdagarcelikservisi.com.tr\/#website"},"primaryImageOfPage":{"@id":"https:\/\/tekirdagarcelikservisi.com.tr\/index.php\/2024\/06\/05\/arcelik-camasir-makinesi-e09-hatasi\/#primaryimage"},"image":{"@id":"https:\/\/tekirdagarcelikservisi.com.tr\/index.php\/2024\/06\/05\/arcelik-camasir-makinesi-e09-hatasi\/#primaryimage"},"thumbnailUrl":"https:\/\/tekirdagarcelikservisi.com.tr\/wp-content\/uploads\/2024\/02\/tekirdag-arcelik-camasir-makinesi-servisi.jpg","datePublished":"2024-06-05T12:41:58+00:00","dateModified":"2024-06-05T12:44:53+00:00","description":"Ar\u00e7elik \u00c7ama\u015f\u0131r Makinesi E09 Hatas\u0131 Nedenleri ve \u00c7\u00f6z\u00fcm Yollar\u0131 Tekirda\u011f Ar\u00e7elik \u00c7ma\u015f\u0131r Makinesi Servisi 0282 263 22 96","breadcrumb":{"@id":"https:\/\/tekirdagarcelikservisi.com.tr\/index.php\/2024\/06\/05\/arcelik-camasir-makinesi-e09-hatasi\/#breadcrumb"},"inLanguage":"tr","potentialAction":[{"@type":"ReadAction","target":["https:\/\/tekirdagarcelikservisi.com.tr\/index.php\/2024\/06\/05\/arcelik-camasir-makinesi-e09-hatasi\/"]}]},{"@type":"ImageObject","inLanguage":"tr","@id":"https:\/\/tekirdagarcelikservisi.com.tr\/index.php\/2024\/06\/05\/arcelik-camasir-makinesi-e09-hatasi\/#primaryimage","url":"https:\/\/tekirdagarcelikservisi.com.tr\/wp-content\/uploads\/2024\/02\/tekirdag-arcelik-camasir-makinesi-servisi.jpg","contentUrl":"https:\/\/tekirdagarcelikservisi.com.tr\/wp-content\/uploads\/2024\/02\/tekirdag-arcelik-camasir-makinesi-servisi.jpg","width":800,"height":500,"caption":"tekirdag-arcelik-camasir-makinesi-servisi"},{"@type":"BreadcrumbList","@id":"https:\/\/tekirdagarcelikservisi.com.tr\/index.php\/2024\/06\/05\/arcelik-camasir-makinesi-e09-hatasi\/#breadcrumb","itemListElement":[{"@type":"ListItem","position":1,"name":"Anasayfa","item":"https:\/\/tekirdagarcelikservisi.com.tr\/"},{"@type":"ListItem","position":2,"name":"Ar\u00e7elik \u00c7ama\u015f\u0131r Makinesi E09 Hatas\u0131"}]},{"@type":"WebSite","@id":"https:\/\/tekirdagarcelikservisi.com.tr\/#website","url":"https:\/\/tekirdagarcelikservisi.com.tr\/","name":"Tekirda\u011f Ar\u00e7elik Servisi 0282 263 22 96","description":"Ar\u00e7elik Beyaz E\u015fya Klima Kombi Servisi","publisher":{"@id":"https:\/\/tekirdagarcelikservisi.com.tr\/#organization"},"potentialAction":[{"@type":"SearchAction","target":{"@type":"EntryPoint","urlTemplate":"https:\/\/tekirdagarcelikservisi.com.tr\/?s={search_term_string}"},"query-input":{"@type":"PropertyValueSpecification","valueRequired":true,"valueName":"search_term_string"}}],"inLanguage":"tr"},{"@type":"Organization","@id":"https:\/\/tekirdagarcelikservisi.com.tr\/#organization","name":"Tekirda\u011f Ar\u00e7elik Servisi 0282 263 22 96","url":"https:\/\/tekirdagarcelikservisi.com.tr\/","logo":{"@type":"ImageObject","inLanguage":"tr","@id":"https:\/\/tekirdagarcelikservisi.com.tr\/#\/schema\/logo\/image\/","url":"https:\/\/tekirdagarcelikservisi.com.tr\/wp-content\/uploads\/2024\/03\/arcelik_logo.png","contentUrl":"https:\/\/tekirdagarcelikservisi.com.tr\/wp-content\/uploads\/2024\/03\/arcelik_logo.png","width":330,"height":330,"caption":"Tekirda\u011f Ar\u00e7elik Servisi 0282 263 22 96"},"image":{"@id":"https:\/\/tekirdagarcelikservisi.com.tr\/#\/schema\/logo\/image\/"}},{"@type":"Person","@id":"https:\/\/tekirdagarcelikservisi.com.tr\/#\/schema\/person\/34e29853de14bea4947b9fe740161fc0","name":"tekirdagarcelik","image":{"@type":"ImageObject","inLanguage":"tr","@id":"https:\/\/secure.gravatar.com\/avatar\/db70c2b6f6e9a750c63863236e8b79698035aa5b561aef5deda998a2b8dbe5b4?s=96&d=mm&r=g","url":"https:\/\/secure.gravatar.com\/avatar\/db70c2b6f6e9a750c63863236e8b79698035aa5b561aef5deda998a2b8dbe5b4?s=96&d=mm&r=g","contentUrl":"https:\/\/secure.gravatar.com\/avatar\/db70c2b6f6e9a750c63863236e8b79698035aa5b561aef5deda998a2b8dbe5b4?s=96&d=mm&r=g","caption":"tekirdagarcelik"},"sameAs":["https:\/\/tekirdagarcelikservisi.com.tr"],"url":"https:\/\/tekirdagarcelikservisi.com.tr\/index.php\/author\/tekirdagarcelik\/"}]}},"_links":{"self":[{"href":"https:\/\/tekirdagarcelikservisi.com.tr\/index.php\/wp-json\/wp\/v2\/posts\/1213","targetHints":{"allow":["GET"]}}],"collection":[{"href":"https:\/\/tekirdagarcelikservisi.com.tr\/index.php\/wp-json\/wp\/v2\/posts"}],"about":[{"href":"https:\/\/tekirdagarcelikservisi.com.tr\/index.php\/wp-json\/wp\/v2\/types\/post"}],"author":[{"embeddable":true,"href":"https:\/\/tekirdagarcelikservisi.com.tr\/index.php\/wp-json\/wp\/v2\/users\/1"}],"replies":[{"embeddable":true,"href":"https:\/\/tekirdagarcelikservisi.com.tr\/index.php\/wp-json\/wp\/v2\/comments?post=1213"}],"version-history":[{"count":2,"href":"https:\/\/tekirdagarcelikservisi.com.tr\/index.php\/wp-json\/wp\/v2\/posts\/1213\/revisions"}],"predecessor-version":[{"id":1216,"href":"https:\/\/tekirdagarcelikservisi.com.tr\/index.php\/wp-json\/wp\/v2\/posts\/1213\/revisions\/1216"}],"wp:attachment":[{"href":"https:\/\/tekirdagarcelikservisi.com.tr\/index.php\/wp-json\/wp\/v2\/media?parent=1213"}],"wp:term":[{"taxonomy":"category","embeddable":true,"href":"https:\/\/tekirdagarcelikservisi.com.tr\/index.php\/wp-json\/wp\/v2\/categories?post=1213"},{"taxonomy":"post_tag","embeddable":true,"href":"https:\/\/tekirdagarcelikservisi.com.tr\/index.php\/wp-json\/wp\/v2\/tags?post=1213"}],"curies":[{"name":"wp","href":"https:\/\/api.w.org\/{rel}","templated":true}]}}