{"id":1,"date":"2024-02-23T11:37:21","date_gmt":"2024-02-23T11:37:21","guid":{"rendered":"https:\/\/tekirdagarcelikservisi.com.tr\/?p=1"},"modified":"2024-02-23T14:53:00","modified_gmt":"2024-02-23T14:53:00","slug":"tekirdag-arcelik-servisi","status":"publish","type":"post","link":"https:\/\/tekirdagarcelikservisi.com.tr\/index.php\/2024\/02\/23\/tekirdag-arcelik-servisi\/","title":{"rendered":"Tekirda\u011f Ar\u00e7elik Servisi 0282 263 22 96"},"content":{"rendered":"<p><img fetchpriority=\"high\" decoding=\"async\" class=\"alignnone size-full wp-image-47\" src=\"https:\/\/tekirdagarcelikservisi.com.tr\/wp-content\/uploads\/2024\/02\/Tekirdag-Arcelik-Servisi.png\" alt=\"Tekirda\u011f Ar\u00e7elik Servisi\" width=\"878\" height=\"400\" srcset=\"https:\/\/tekirdagarcelikservisi.com.tr\/wp-content\/uploads\/2024\/02\/Tekirdag-Arcelik-Servisi.png 878w, https:\/\/tekirdagarcelikservisi.com.tr\/wp-content\/uploads\/2024\/02\/Tekirdag-Arcelik-Servisi-300x137.png 300w, https:\/\/tekirdagarcelikservisi.com.tr\/wp-content\/uploads\/2024\/02\/Tekirdag-Arcelik-Servisi-768x350.png 768w\" sizes=\"(max-width: 878px) 100vw, 878px\" \/><\/p>\n<p>&nbsp;<\/p>\n<h1><strong>Tekirda\u011f Ar\u00e7elik Servisi<\/strong><\/h1>\n<p>\u00a0Tekirda\u011f Ar\u00e7elik Servisi olarak, Uzun y\u0131llara dayanan deneyimimizle sizlere kaliteli hizmet sunuyoruz. Tekirda\u011f&#8217;da ev ve i\u015f yerlerinizdeki Ar\u00e7elik beyaz e\u015fya ve elektronik \u00fcr\u00fcnleriniz i\u00e7in g\u00fcvenilir ve uzman bir servis ar\u0131yorsan\u0131z do\u011fru adrestesiniz.<\/p>\n<h2><strong>Profesyonel Ekip ve H\u0131zl\u0131 Hizmet<\/strong><\/h2>\n<p>E\u011fitimli ve deneyimli teknisyenlerimiz, Ar\u00e7elik marka \u00fcr\u00fcnlerinizin bak\u0131m\u0131, onar\u0131m\u0131 ve kurulumu konular\u0131nda sizlere yard\u0131mc\u0131 olmak i\u00e7in haz\u0131r. G\u00fcler y\u00fczl\u00fc ve profesyonel ekibimiz, her t\u00fcrl\u00fc sorununuzu \u00e7\u00f6zmek i\u00e7in en k\u0131sa s\u00fcrede harekete ge\u00e7iyor.<\/p>\n<h3><strong>Geni\u015f Hizmet Yelpazesi Tekirda\u011f Ar\u00e7elik Servisi<\/strong><\/h3>\n<p>Teknik servisimiz, Ar\u00e7elik marka \u00e7ama\u015f\u0131r makineleri, bula\u015f\u0131k makineleri, buzdolaplar\u0131, f\u0131r\u0131nlar, ocaklar, kombiler ve klima sistemleri gibi bir\u00e7ok \u00fcr\u00fcn\u00fcn\u00fcz i\u00e7in kapsaml\u0131 hizmetler sunmaktad\u0131r. Ar\u0131za giderme, periyodik bak\u0131m, par\u00e7a de\u011fi\u015fimi ve kurulum gibi ihtiya\u00e7lar\u0131n\u0131zda yan\u0131n\u0131zday\u0131z.<\/p>\n<h4><strong>G\u00fcvenilir ve Garantili Hizmet<\/strong><\/h4>\n<p>M\u00fc\u015fteri memnuniyetini \u00f6n planda tutan anlay\u0131\u015f\u0131m\u0131zla, her m\u00fcdahalemizde kaliteli ve g\u00fcvenilir hizmet sunmay\u0131 ama\u00e7l\u0131yoruz. Kullan\u0131lan <a href=\"https:\/\/suleymanpasakombiservisi.com.tr\/index.php\/suleymanpasa-arcelik-servisi-0282-263-22-96\/\">yedek<\/a> par\u00e7alar\u0131m\u0131z orijinal ve garantilidir, b\u00f6ylece uzun vadeli \u00e7\u00f6z\u00fcmler sunarak sizlere g\u00fcven veriyoruz.<\/p>\n<h5><strong>\u0130leti\u015fim ve Randevu<\/strong><\/h5>\n<p>Teknik destek almak veya servis randevusu olu\u015fturmak i\u00e7in bizimle <a href=\"https:\/\/tekirdagarcelikservisi.com.tr\/\">ileti\u015fime<\/a> ge\u00e7mekten \u00e7ekinmeyin. Profesyonel m\u00fc\u015fteri hizmetleri ekibimiz, size en uygun \u00e7\u00f6z\u00fcm\u00fc bulmak i\u00e7in her zaman haz\u0131rd\u0131r.<\/p>\n<p>\u00dcr\u00fcnleriniz i\u00e7in g\u00fcvenilir ve etkili bir \u00e7\u00f6z\u00fcm ar\u0131yorsan\u0131z, Ar\u00e7elik Servisi olarak sizlere yard\u0131mc\u0131 olmaktan memnuniyet duyar\u0131z.<\/p>\n<p><a href=\"tel:02822632296\"><img decoding=\"async\" class=\"size-full wp-image-16 aligncenter\" src=\"https:\/\/tekirdagarcelikservisi.com.tr\/wp-content\/uploads\/2024\/02\/anigifarce1ik.jpg\" alt=\"\" width=\"510\" height=\"226\" srcset=\"https:\/\/tekirdagarcelikservisi.com.tr\/wp-content\/uploads\/2024\/02\/anigifarce1ik.jpg 510w, https:\/\/tekirdagarcelikservisi.com.tr\/wp-content\/uploads\/2024\/02\/anigifarce1ik-300x133.jpg 300w\" sizes=\"(max-width: 510px) 100vw, 510px\" \/><\/a><\/p>\n","protected":false},"excerpt":{"rendered":"<p>&nbsp; Tekirda\u011f Ar\u00e7elik Servisi \u00a0Tekirda\u011f Ar\u00e7elik Servisi olarak, Uzun y\u0131llara dayanan deneyimimizle sizlere kaliteli hizmet sunuyoruz. Tekirda\u011f&#8217;da ev ve i\u015f yerlerinizdeki Ar\u00e7elik beyaz e\u015fya ve [&hellip;]<\/p>\n","protected":false},"author":1,"featured_media":0,"comment_status":"open","ping_status":"open","sticky":false,"template":"","format":"standard","meta":{"footnotes":""},"categories":[7],"tags":[],"class_list":["post-1","post","type-post","status-publish","format-standard","hentry","category-arcelik"],"yoast_head":"<!-- This site is optimized with the Yoast SEO plugin v27.5 - https:\/\/yoast.com\/product\/yoast-seo-wordpress\/ -->\n<title>Tekirda\u011f Ar\u00e7elik Servisi 0282 263 22 96 - Tekirda\u011f Ar\u00e7elik Servisi 0282 263 22 96<\/title>\n<meta name=\"description\" content=\"Tekirda\u011f Ar\u00e7elik Servisi 0282 263 22 96 Ar\u00e7elik Markal\u0131 T\u00fcm Beyaz e\u015fya, Klima ve Kombilerinizin Bak\u0131m ve Onar\u0131m Servisi. Ayn\u0131 G\u00fcn Hizmet 7\/24\" \/>\n<meta name=\"robots\" content=\"index, follow, max-snippet:-1, max-image-preview:large, max-video-preview:-1\" \/>\n<link rel=\"canonical\" href=\"https:\/\/tekirdagarcelikservisi.com.tr\/index.php\/2024\/02\/23\/tekirdag-arcelik-servisi\/\" \/>\n<meta property=\"og:locale\" content=\"tr_TR\" \/>\n<meta property=\"og:type\" content=\"article\" \/>\n<meta property=\"og:title\" content=\"Tekirda\u011f Ar\u00e7elik Servisi 0282 263 22 96 - Tekirda\u011f Ar\u00e7elik Servisi 0282 263 22 96\" \/>\n<meta property=\"og:description\" content=\"Tekirda\u011f Ar\u00e7elik Servisi 0282 263 22 96 Ar\u00e7elik Markal\u0131 T\u00fcm Beyaz e\u015fya, Klima ve Kombilerinizin Bak\u0131m ve Onar\u0131m Servisi. Ayn\u0131 G\u00fcn Hizmet 7\/24\" \/>\n<meta property=\"og:url\" content=\"https:\/\/tekirdagarcelikservisi.com.tr\/index.php\/2024\/02\/23\/tekirdag-arcelik-servisi\/\" \/>\n<meta property=\"og:site_name\" content=\"Tekirda\u011f Ar\u00e7elik Servisi 0282 263 22 96\" \/>\n<meta property=\"article:published_time\" content=\"2024-02-23T11:37:21+00:00\" \/>\n<meta property=\"article:modified_time\" content=\"2024-02-23T14:53:00+00:00\" \/>\n<meta property=\"og:image\" content=\"https:\/\/tekirdagarcelikservisi.com.tr\/wp-content\/uploads\/2024\/02\/Tekirdag-Arcelik-Servisi.png\" \/>\n<meta name=\"author\" content=\"tekirdagarcelik\" \/>\n<meta name=\"twitter:card\" content=\"summary_large_image\" \/>\n<meta name=\"twitter:label1\" content=\"Yazan:\" \/>\n\t<meta name=\"twitter:data1\" content=\"tekirdagarcelik\" \/>\n\t<meta name=\"twitter:label2\" content=\"Tahmini okuma s\u00fcresi\" \/>\n\t<meta name=\"twitter:data2\" content=\"2 dakika\" \/>\n<script type=\"application\/ld+json\" class=\"yoast-schema-graph\">{\"@context\":\"https:\\\/\\\/schema.org\",\"@graph\":[{\"@type\":\"Article\",\"@id\":\"https:\\\/\\\/tekirdagarcelikservisi.com.tr\\\/index.php\\\/2024\\\/02\\\/23\\\/tekirdag-arcelik-servisi\\\/#article\",\"isPartOf\":{\"@id\":\"https:\\\/\\\/tekirdagarcelikservisi.com.tr\\\/index.php\\\/2024\\\/02\\\/23\\\/tekirdag-arcelik-servisi\\\/\"},\"author\":{\"name\":\"tekirdagarcelik\",\"@id\":\"https:\\\/\\\/tekirdagarcelikservisi.com.tr\\\/#\\\/schema\\\/person\\\/34e29853de14bea4947b9fe740161fc0\"},\"headline\":\"Tekirda\u011f Ar\u00e7elik Servisi 0282 263 22 96\",\"datePublished\":\"2024-02-23T11:37:21+00:00\",\"dateModified\":\"2024-02-23T14:53:00+00:00\",\"mainEntityOfPage\":{\"@id\":\"https:\\\/\\\/tekirdagarcelikservisi.com.tr\\\/index.php\\\/2024\\\/02\\\/23\\\/tekirdag-arcelik-servisi\\\/\"},\"wordCount\":278,\"commentCount\":0,\"publisher\":{\"@id\":\"https:\\\/\\\/tekirdagarcelikservisi.com.tr\\\/#organization\"},\"image\":{\"@id\":\"https:\\\/\\\/tekirdagarcelikservisi.com.tr\\\/index.php\\\/2024\\\/02\\\/23\\\/tekirdag-arcelik-servisi\\\/#primaryimage\"},\"thumbnailUrl\":\"https:\\\/\\\/tekirdagarcelikservisi.com.tr\\\/wp-content\\\/uploads\\\/2024\\\/02\\\/Tekirdag-Arcelik-Servisi.png\",\"articleSection\":[\"Ar\u00e7elik\"],\"inLanguage\":\"tr\",\"potentialAction\":[{\"@type\":\"CommentAction\",\"name\":\"Comment\",\"target\":[\"https:\\\/\\\/tekirdagarcelikservisi.com.tr\\\/index.php\\\/2024\\\/02\\\/23\\\/tekirdag-arcelik-servisi\\\/#respond\"]}]},{\"@type\":\"WebPage\",\"@id\":\"https:\\\/\\\/tekirdagarcelikservisi.com.tr\\\/index.php\\\/2024\\\/02\\\/23\\\/tekirdag-arcelik-servisi\\\/\",\"url\":\"https:\\\/\\\/tekirdagarcelikservisi.com.tr\\\/index.php\\\/2024\\\/02\\\/23\\\/tekirdag-arcelik-servisi\\\/\",\"name\":\"Tekirda\u011f Ar\u00e7elik Servisi 0282 263 22 96 - Tekirda\u011f Ar\u00e7elik Servisi 0282 263 22 96\",\"isPartOf\":{\"@id\":\"https:\\\/\\\/tekirdagarcelikservisi.com.tr\\\/#website\"},\"primaryImageOfPage\":{\"@id\":\"https:\\\/\\\/tekirdagarcelikservisi.com.tr\\\/index.php\\\/2024\\\/02\\\/23\\\/tekirdag-arcelik-servisi\\\/#primaryimage\"},\"image\":{\"@id\":\"https:\\\/\\\/tekirdagarcelikservisi.com.tr\\\/index.php\\\/2024\\\/02\\\/23\\\/tekirdag-arcelik-servisi\\\/#primaryimage\"},\"thumbnailUrl\":\"https:\\\/\\\/tekirdagarcelikservisi.com.tr\\\/wp-content\\\/uploads\\\/2024\\\/02\\\/Tekirdag-Arcelik-Servisi.png\",\"datePublished\":\"2024-02-23T11:37:21+00:00\",\"dateModified\":\"2024-02-23T14:53:00+00:00\",\"description\":\"Tekirda\u011f Ar\u00e7elik Servisi 0282 263 22 96 Ar\u00e7elik Markal\u0131 T\u00fcm Beyaz e\u015fya, Klima ve Kombilerinizin Bak\u0131m ve Onar\u0131m Servisi. Ayn\u0131 G\u00fcn Hizmet 7\\\/24\",\"breadcrumb\":{\"@id\":\"https:\\\/\\\/tekirdagarcelikservisi.com.tr\\\/index.php\\\/2024\\\/02\\\/23\\\/tekirdag-arcelik-servisi\\\/#breadcrumb\"},\"inLanguage\":\"tr\",\"potentialAction\":[{\"@type\":\"ReadAction\",\"target\":[\"https:\\\/\\\/tekirdagarcelikservisi.com.tr\\\/index.php\\\/2024\\\/02\\\/23\\\/tekirdag-arcelik-servisi\\\/\"]}]},{\"@type\":\"ImageObject\",\"inLanguage\":\"tr\",\"@id\":\"https:\\\/\\\/tekirdagarcelikservisi.com.tr\\\/index.php\\\/2024\\\/02\\\/23\\\/tekirdag-arcelik-servisi\\\/#primaryimage\",\"url\":\"https:\\\/\\\/tekirdagarcelikservisi.com.tr\\\/wp-content\\\/uploads\\\/2024\\\/02\\\/Tekirdag-Arcelik-Servisi.png\",\"contentUrl\":\"https:\\\/\\\/tekirdagarcelikservisi.com.tr\\\/wp-content\\\/uploads\\\/2024\\\/02\\\/Tekirdag-Arcelik-Servisi.png\",\"width\":878,\"height\":400,\"caption\":\"Tekirda\u011f Ar\u00e7elik Servisi\"},{\"@type\":\"BreadcrumbList\",\"@id\":\"https:\\\/\\\/tekirdagarcelikservisi.com.tr\\\/index.php\\\/2024\\\/02\\\/23\\\/tekirdag-arcelik-servisi\\\/#breadcrumb\",\"itemListElement\":[{\"@type\":\"ListItem\",\"position\":1,\"name\":\"Anasayfa\",\"item\":\"https:\\\/\\\/tekirdagarcelikservisi.com.tr\\\/\"},{\"@type\":\"ListItem\",\"position\":2,\"name\":\"Tekirda\u011f Ar\u00e7elik Servisi 0282 263 22 96\"}]},{\"@type\":\"WebSite\",\"@id\":\"https:\\\/\\\/tekirdagarcelikservisi.com.tr\\\/#website\",\"url\":\"https:\\\/\\\/tekirdagarcelikservisi.com.tr\\\/\",\"name\":\"Tekirda\u011f Ar\u00e7elik Servisi 0282 263 22 96\",\"description\":\"Ar\u00e7elik Beyaz E\u015fya Klima Kombi Servisi\",\"publisher\":{\"@id\":\"https:\\\/\\\/tekirdagarcelikservisi.com.tr\\\/#organization\"},\"potentialAction\":[{\"@type\":\"SearchAction\",\"target\":{\"@type\":\"EntryPoint\",\"urlTemplate\":\"https:\\\/\\\/tekirdagarcelikservisi.com.tr\\\/?s={search_term_string}\"},\"query-input\":{\"@type\":\"PropertyValueSpecification\",\"valueRequired\":true,\"valueName\":\"search_term_string\"}}],\"inLanguage\":\"tr\"},{\"@type\":\"Organization\",\"@id\":\"https:\\\/\\\/tekirdagarcelikservisi.com.tr\\\/#organization\",\"name\":\"Tekirda\u011f Ar\u00e7elik Servisi 0282 263 22 96\",\"url\":\"https:\\\/\\\/tekirdagarcelikservisi.com.tr\\\/\",\"logo\":{\"@type\":\"ImageObject\",\"inLanguage\":\"tr\",\"@id\":\"https:\\\/\\\/tekirdagarcelikservisi.com.tr\\\/#\\\/schema\\\/logo\\\/image\\\/\",\"url\":\"https:\\\/\\\/tekirdagarcelikservisi.com.tr\\\/wp-content\\\/uploads\\\/2024\\\/03\\\/arcelik_logo.png\",\"contentUrl\":\"https:\\\/\\\/tekirdagarcelikservisi.com.tr\\\/wp-content\\\/uploads\\\/2024\\\/03\\\/arcelik_logo.png\",\"width\":330,\"height\":330,\"caption\":\"Tekirda\u011f Ar\u00e7elik Servisi 0282 263 22 96\"},\"image\":{\"@id\":\"https:\\\/\\\/tekirdagarcelikservisi.com.tr\\\/#\\\/schema\\\/logo\\\/image\\\/\"}},{\"@type\":\"Person\",\"@id\":\"https:\\\/\\\/tekirdagarcelikservisi.com.tr\\\/#\\\/schema\\\/person\\\/34e29853de14bea4947b9fe740161fc0\",\"name\":\"tekirdagarcelik\",\"image\":{\"@type\":\"ImageObject\",\"inLanguage\":\"tr\",\"@id\":\"https:\\\/\\\/secure.gravatar.com\\\/avatar\\\/db70c2b6f6e9a750c63863236e8b79698035aa5b561aef5deda998a2b8dbe5b4?s=96&d=mm&r=g\",\"url\":\"https:\\\/\\\/secure.gravatar.com\\\/avatar\\\/db70c2b6f6e9a750c63863236e8b79698035aa5b561aef5deda998a2b8dbe5b4?s=96&d=mm&r=g\",\"contentUrl\":\"https:\\\/\\\/secure.gravatar.com\\\/avatar\\\/db70c2b6f6e9a750c63863236e8b79698035aa5b561aef5deda998a2b8dbe5b4?s=96&d=mm&r=g\",\"caption\":\"tekirdagarcelik\"},\"sameAs\":[\"https:\\\/\\\/tekirdagarcelikservisi.com.tr\"],\"url\":\"https:\\\/\\\/tekirdagarcelikservisi.com.tr\\\/index.php\\\/author\\\/tekirdagarcelik\\\/\"}]}<\/script>\n<!-- \/ Yoast SEO plugin. -->","yoast_head_json":{"title":"Tekirda\u011f Ar\u00e7elik Servisi 0282 263 22 96 - Tekirda\u011f Ar\u00e7elik Servisi 0282 263 22 96","description":"Tekirda\u011f Ar\u00e7elik Servisi 0282 263 22 96 Ar\u00e7elik Markal\u0131 T\u00fcm Beyaz e\u015fya, Klima ve Kombilerinizin Bak\u0131m ve Onar\u0131m Servisi. Ayn\u0131 G\u00fcn Hizmet 7\/24","robots":{"index":"index","follow":"follow","max-snippet":"max-snippet:-1","max-image-preview":"max-image-preview:large","max-video-preview":"max-video-preview:-1"},"canonical":"https:\/\/tekirdagarcelikservisi.com.tr\/index.php\/2024\/02\/23\/tekirdag-arcelik-servisi\/","og_locale":"tr_TR","og_type":"article","og_title":"Tekirda\u011f Ar\u00e7elik Servisi 0282 263 22 96 - Tekirda\u011f Ar\u00e7elik Servisi 0282 263 22 96","og_description":"Tekirda\u011f Ar\u00e7elik Servisi 0282 263 22 96 Ar\u00e7elik Markal\u0131 T\u00fcm Beyaz e\u015fya, Klima ve Kombilerinizin Bak\u0131m ve Onar\u0131m Servisi. Ayn\u0131 G\u00fcn Hizmet 7\/24","og_url":"https:\/\/tekirdagarcelikservisi.com.tr\/index.php\/2024\/02\/23\/tekirdag-arcelik-servisi\/","og_site_name":"Tekirda\u011f Ar\u00e7elik Servisi 0282 263 22 96","article_published_time":"2024-02-23T11:37:21+00:00","article_modified_time":"2024-02-23T14:53:00+00:00","og_image":[{"url":"https:\/\/tekirdagarcelikservisi.com.tr\/wp-content\/uploads\/2024\/02\/Tekirdag-Arcelik-Servisi.png","type":"","width":"","height":""}],"author":"tekirdagarcelik","twitter_card":"summary_large_image","twitter_misc":{"Yazan:":"tekirdagarcelik","Tahmini okuma s\u00fcresi":"2 dakika"},"schema":{"@context":"https:\/\/schema.org","@graph":[{"@type":"Article","@id":"https:\/\/tekirdagarcelikservisi.com.tr\/index.php\/2024\/02\/23\/tekirdag-arcelik-servisi\/#article","isPartOf":{"@id":"https:\/\/tekirdagarcelikservisi.com.tr\/index.php\/2024\/02\/23\/tekirdag-arcelik-servisi\/"},"author":{"name":"tekirdagarcelik","@id":"https:\/\/tekirdagarcelikservisi.com.tr\/#\/schema\/person\/34e29853de14bea4947b9fe740161fc0"},"headline":"Tekirda\u011f Ar\u00e7elik Servisi 0282 263 22 96","datePublished":"2024-02-23T11:37:21+00:00","dateModified":"2024-02-23T14:53:00+00:00","mainEntityOfPage":{"@id":"https:\/\/tekirdagarcelikservisi.com.tr\/index.php\/2024\/02\/23\/tekirdag-arcelik-servisi\/"},"wordCount":278,"commentCount":0,"publisher":{"@id":"https:\/\/tekirdagarcelikservisi.com.tr\/#organization"},"image":{"@id":"https:\/\/tekirdagarcelikservisi.com.tr\/index.php\/2024\/02\/23\/tekirdag-arcelik-servisi\/#primaryimage"},"thumbnailUrl":"https:\/\/tekirdagarcelikservisi.com.tr\/wp-content\/uploads\/2024\/02\/Tekirdag-Arcelik-Servisi.png","articleSection":["Ar\u00e7elik"],"inLanguage":"tr","potentialAction":[{"@type":"CommentAction","name":"Comment","target":["https:\/\/tekirdagarcelikservisi.com.tr\/index.php\/2024\/02\/23\/tekirdag-arcelik-servisi\/#respond"]}]},{"@type":"WebPage","@id":"https:\/\/tekirdagarcelikservisi.com.tr\/index.php\/2024\/02\/23\/tekirdag-arcelik-servisi\/","url":"https:\/\/tekirdagarcelikservisi.com.tr\/index.php\/2024\/02\/23\/tekirdag-arcelik-servisi\/","name":"Tekirda\u011f Ar\u00e7elik Servisi 0282 263 22 96 - Tekirda\u011f Ar\u00e7elik Servisi 0282 263 22 96","isPartOf":{"@id":"https:\/\/tekirdagarcelikservisi.com.tr\/#website"},"primaryImageOfPage":{"@id":"https:\/\/tekirdagarcelikservisi.com.tr\/index.php\/2024\/02\/23\/tekirdag-arcelik-servisi\/#primaryimage"},"image":{"@id":"https:\/\/tekirdagarcelikservisi.com.tr\/index.php\/2024\/02\/23\/tekirdag-arcelik-servisi\/#primaryimage"},"thumbnailUrl":"https:\/\/tekirdagarcelikservisi.com.tr\/wp-content\/uploads\/2024\/02\/Tekirdag-Arcelik-Servisi.png","datePublished":"2024-02-23T11:37:21+00:00","dateModified":"2024-02-23T14:53:00+00:00","description":"Tekirda\u011f Ar\u00e7elik Servisi 0282 263 22 96 Ar\u00e7elik Markal\u0131 T\u00fcm Beyaz e\u015fya, Klima ve Kombilerinizin Bak\u0131m ve Onar\u0131m Servisi. Ayn\u0131 G\u00fcn Hizmet 7\/24","breadcrumb":{"@id":"https:\/\/tekirdagarcelikservisi.com.tr\/index.php\/2024\/02\/23\/tekirdag-arcelik-servisi\/#breadcrumb"},"inLanguage":"tr","potentialAction":[{"@type":"ReadAction","target":["https:\/\/tekirdagarcelikservisi.com.tr\/index.php\/2024\/02\/23\/tekirdag-arcelik-servisi\/"]}]},{"@type":"ImageObject","inLanguage":"tr","@id":"https:\/\/tekirdagarcelikservisi.com.tr\/index.php\/2024\/02\/23\/tekirdag-arcelik-servisi\/#primaryimage","url":"https:\/\/tekirdagarcelikservisi.com.tr\/wp-content\/uploads\/2024\/02\/Tekirdag-Arcelik-Servisi.png","contentUrl":"https:\/\/tekirdagarcelikservisi.com.tr\/wp-content\/uploads\/2024\/02\/Tekirdag-Arcelik-Servisi.png","width":878,"height":400,"caption":"Tekirda\u011f Ar\u00e7elik Servisi"},{"@type":"BreadcrumbList","@id":"https:\/\/tekirdagarcelikservisi.com.tr\/index.php\/2024\/02\/23\/tekirdag-arcelik-servisi\/#breadcrumb","itemListElement":[{"@type":"ListItem","position":1,"name":"Anasayfa","item":"https:\/\/tekirdagarcelikservisi.com.tr\/"},{"@type":"ListItem","position":2,"name":"Tekirda\u011f Ar\u00e7elik Servisi 0282 263 22 96"}]},{"@type":"WebSite","@id":"https:\/\/tekirdagarcelikservisi.com.tr\/#website","url":"https:\/\/tekirdagarcelikservisi.com.tr\/","name":"Tekirda\u011f Ar\u00e7elik Servisi 0282 263 22 96","description":"Ar\u00e7elik Beyaz E\u015fya Klima Kombi Servisi","publisher":{"@id":"https:\/\/tekirdagarcelikservisi.com.tr\/#organization"},"potentialAction":[{"@type":"SearchAction","target":{"@type":"EntryPoint","urlTemplate":"https:\/\/tekirdagarcelikservisi.com.tr\/?s={search_term_string}"},"query-input":{"@type":"PropertyValueSpecification","valueRequired":true,"valueName":"search_term_string"}}],"inLanguage":"tr"},{"@type":"Organization","@id":"https:\/\/tekirdagarcelikservisi.com.tr\/#organization","name":"Tekirda\u011f Ar\u00e7elik Servisi 0282 263 22 96","url":"https:\/\/tekirdagarcelikservisi.com.tr\/","logo":{"@type":"ImageObject","inLanguage":"tr","@id":"https:\/\/tekirdagarcelikservisi.com.tr\/#\/schema\/logo\/image\/","url":"https:\/\/tekirdagarcelikservisi.com.tr\/wp-content\/uploads\/2024\/03\/arcelik_logo.png","contentUrl":"https:\/\/tekirdagarcelikservisi.com.tr\/wp-content\/uploads\/2024\/03\/arcelik_logo.png","width":330,"height":330,"caption":"Tekirda\u011f Ar\u00e7elik Servisi 0282 263 22 96"},"image":{"@id":"https:\/\/tekirdagarcelikservisi.com.tr\/#\/schema\/logo\/image\/"}},{"@type":"Person","@id":"https:\/\/tekirdagarcelikservisi.com.tr\/#\/schema\/person\/34e29853de14bea4947b9fe740161fc0","name":"tekirdagarcelik","image":{"@type":"ImageObject","inLanguage":"tr","@id":"https:\/\/secure.gravatar.com\/avatar\/db70c2b6f6e9a750c63863236e8b79698035aa5b561aef5deda998a2b8dbe5b4?s=96&d=mm&r=g","url":"https:\/\/secure.gravatar.com\/avatar\/db70c2b6f6e9a750c63863236e8b79698035aa5b561aef5deda998a2b8dbe5b4?s=96&d=mm&r=g","contentUrl":"https:\/\/secure.gravatar.com\/avatar\/db70c2b6f6e9a750c63863236e8b79698035aa5b561aef5deda998a2b8dbe5b4?s=96&d=mm&r=g","caption":"tekirdagarcelik"},"sameAs":["https:\/\/tekirdagarcelikservisi.com.tr"],"url":"https:\/\/tekirdagarcelikservisi.com.tr\/index.php\/author\/tekirdagarcelik\/"}]}},"_links":{"self":[{"href":"https:\/\/tekirdagarcelikservisi.com.tr\/index.php\/wp-json\/wp\/v2\/posts\/1","targetHints":{"allow":["GET"]}}],"collection":[{"href":"https:\/\/tekirdagarcelikservisi.com.tr\/index.php\/wp-json\/wp\/v2\/posts"}],"about":[{"href":"https:\/\/tekirdagarcelikservisi.com.tr\/index.php\/wp-json\/wp\/v2\/types\/post"}],"author":[{"embeddable":true,"href":"https:\/\/tekirdagarcelikservisi.com.tr\/index.php\/wp-json\/wp\/v2\/users\/1"}],"replies":[{"embeddable":true,"href":"https:\/\/tekirdagarcelikservisi.com.tr\/index.php\/wp-json\/wp\/v2\/comments?post=1"}],"version-history":[{"count":2,"href":"https:\/\/tekirdagarcelikservisi.com.tr\/index.php\/wp-json\/wp\/v2\/posts\/1\/revisions"}],"predecessor-version":[{"id":48,"href":"https:\/\/tekirdagarcelikservisi.com.tr\/index.php\/wp-json\/wp\/v2\/posts\/1\/revisions\/48"}],"wp:attachment":[{"href":"https:\/\/tekirdagarcelikservisi.com.tr\/index.php\/wp-json\/wp\/v2\/media?parent=1"}],"wp:term":[{"taxonomy":"category","embeddable":true,"href":"https:\/\/tekirdagarcelikservisi.com.tr\/index.php\/wp-json\/wp\/v2\/categories?post=1"},{"taxonomy":"post_tag","embeddable":true,"href":"https:\/\/tekirdagarcelikservisi.com.tr\/index.php\/wp-json\/wp\/v2\/tags?post=1"}],"curies":[{"name":"wp","href":"https:\/\/api.w.org\/{rel}","templated":true}]}}